{"id":998,"date":"2026-08-04T10:53:14","date_gmt":"2026-08-04T08:53:14","guid":{"rendered":"https:\/\/dwdu.de\/?p=998"},"modified":"2026-08-04T10:53:14","modified_gmt":"2026-08-04T08:53:14","slug":"neugierig-auf-die-wilde-13","status":"publish","type":"post","link":"https:\/\/dwdu.de\/?p=998","title":{"rendered":"Neugierig auf die Wilde 13?"},"content":{"rendered":"\n<p class=\"has-medium-font-size wp-block-paragraph\">Dann besucht uns am\u00a0<strong>Freitag, den 18. September 2026, von 15:00 bis 18:00 Uhr<\/strong>\u00a0beim Tag der offenen T\u00fcr. Lernt unsere Kita, unsere R\u00e4ume und unser Team in entspannter Atmosph\u00e4re kennen und stellt alle Fragen rund um den Kita-Alltag. Wir freuen uns auf euren Besuch \u2013 eine Anmeldung ist nicht erforderlich!<\/p>\n\n\n\n<figure class=\"wp-block-image size-medium\"><a href=\"https:\/\/dwdu.de\/wp-content\/uploads\/2026\/08\/Flyer-Tag-der-offenen-Tuer-2026.jpg\"><img decoding=\"async\" width=\"212\" height=\"300\" src=\"https:\/\/dwdu.de\/wp-content\/uploads\/2026\/08\/Flyer-Tag-der-offenen-Tuer-2026-212x300.jpg\" alt=\"\" class=\"wp-image-999\" srcset=\"https:\/\/dwdu.de\/wp-content\/uploads\/2026\/08\/Flyer-Tag-der-offenen-Tuer-2026-212x300.jpg 212w, https:\/\/dwdu.de\/wp-content\/uploads\/2026\/08\/Flyer-Tag-der-offenen-Tuer-2026-725x1024.jpg 725w, https:\/\/dwdu.de\/wp-content\/uploads\/2026\/08\/Flyer-Tag-der-offenen-Tuer-2026-768x1085.jpg 768w, https:\/\/dwdu.de\/wp-content\/uploads\/2026\/08\/Flyer-Tag-der-offenen-Tuer-2026-269x380.jpg 269w, https:\/\/dwdu.de\/wp-content\/uploads\/2026\/08\/Flyer-Tag-der-offenen-Tuer-2026.jpg 1055w\" sizes=\"(max-width: 212px) 100vw, 212px\" \/><\/a><\/figure>\n\n\n\n<p class=\"wp-block-paragraph\"><\/p>\n","protected":false},"excerpt":{"rendered":"<p>Dann besucht uns am\u00a0Freitag, den 18. September 2026, von 15:00 bis 18:00 Uhr\u00a0beim Tag der offenen T\u00fcr. Lernt unsere Kita, unsere R\u00e4ume und unser Team in entspannter Atmosph\u00e4re kennen und stellt alle Fragen rund um den Kita-Alltag. Wir freuen uns auf euren Besuch \u2013 eine Anmeldung ist nicht erforderlich!<\/p>\n","protected":false},"author":5,"featured_media":0,"comment_status":"closed","ping_status":"open","sticky":false,"template":"","format":"standard","meta":{"footnotes":""},"categories":[1],"tags":[14,15,13],"class_list":["post-998","post","type-post","status-publish","format-standard","hentry","category-allgemein","tag-kennenlernen","tag-september","tag-tag-der-offenen-tuer","without-featured-image"],"_links":{"self":[{"href":"https:\/\/dwdu.de\/index.php?rest_route=\/wp\/v2\/posts\/998","targetHints":{"allow":["GET"]}}],"collection":[{"href":"https:\/\/dwdu.de\/index.php?rest_route=\/wp\/v2\/posts"}],"about":[{"href":"https:\/\/dwdu.de\/index.php?rest_route=\/wp\/v2\/types\/post"}],"author":[{"embeddable":true,"href":"https:\/\/dwdu.de\/index.php?rest_route=\/wp\/v2\/users\/5"}],"replies":[{"embeddable":true,"href":"https:\/\/dwdu.de\/index.php?rest_route=%2Fwp%2Fv2%2Fcomments&post=998"}],"version-history":[{"count":1,"href":"https:\/\/dwdu.de\/index.php?rest_route=\/wp\/v2\/posts\/998\/revisions"}],"predecessor-version":[{"id":1000,"href":"https:\/\/dwdu.de\/index.php?rest_route=\/wp\/v2\/posts\/998\/revisions\/1000"}],"wp:attachment":[{"href":"https:\/\/dwdu.de\/index.php?rest_route=%2Fwp%2Fv2%2Fmedia&parent=998"}],"wp:term":[{"taxonomy":"category","embeddable":true,"href":"https:\/\/dwdu.de\/index.php?rest_route=%2Fwp%2Fv2%2Fcategories&post=998"},{"taxonomy":"post_tag","embeddable":true,"href":"https:\/\/dwdu.de\/index.php?rest_route=%2Fwp%2Fv2%2Ftags&post=998"}],"curies":[{"name":"wp","href":"https:\/\/api.w.org\/{rel}","templated":true}]}}